{"provider_url": "https://www.novabassano.rs.leg.br", "title": "Nominatas", "html": "<div class=\"row \">\r\n<div class=\"span4 \">\r\n<h2>1\u00aa LEGISLATURA<br /> 1965 a 1969</h2>\r\n<p><strong>Presidentes</strong>: Tranquilo Zanetti<br /> Val\u00e9rio Tedesco</p>\r\n<p><strong>Vereadores</strong>:<br /> Innocente \u00c2ngelo Biotto<br /> Jo\u00e3o Segalin<br /> Luiz Boldori<br /> Augusto Zort\u00e9a<br /> Dulcino Antonio Zottis<br /> Tranquilo Zanetti<br /> Val\u00e9rio Tedesco</p>\r\n<p><strong>Suplentes</strong>: Jos\u00e9 Antonio Boccalon<br /> Luiz Dall\u201dAgnol</p>\r\n</div>\r\n<div class=\"span4 \">\r\n<h2>2\u00aa LEGISLATURA<br /> 1969 a 1973</h2>\r\n<p><strong>Presidentes</strong>:<br /> Arlindo Jos\u00e9 Gabardo<br /> Waldemar Ildebrando Zottis<br /> Arlindo Damini</p>\r\n<p><strong>Vereadores</strong>:<br /> Ivo Lovison<br /> Jo\u00e3o Segalin<br /> Remi Jo\u00e3o Rigo<br /> Augusto Zort\u00e9a<br /> Arlindo Jos\u00e9 Gabardo<br /> Waldemar Ildebrando Zottis<br /> Arlindo Damini</p>\r\n<p><strong>Suplentes</strong>:<br /> Jo\u00e3o Fraga de Almeida<br /> Pedro Segalin<br /> Claudino Jo\u00e3o Ranzan</p>\r\n</div>\r\n<div class=\"span4 \">\r\n<h2>3\u00aa LEGISLATURA<br /> 1973 a 1977</h2>\r\n<p><strong>Presidentes</strong>:<br /> Zeferino Tranquilo Zottis<br /> Ivaldo Dalla Costa</p>\r\n<p><strong>Vereadores</strong>:<br /> Hil\u00e1rio Gabardo<br /> Claudino Jo\u00e3o Ranzan<br /> Belmiro Florentino Farina<br /> Pedro Segalin<br /> Aldo Mazzotti<br /> Zeferino Tranquilo Zottis<br /> Ivaldo Dalla Costa</p>\r\n<p>\u00a0</p>\r\n</div>\r\n</div>\r\n<p>\u00a0</p>\r\n<div class=\"row \">\r\n<div class=\"span4 \">\r\n<h2>4\u00aa LEGISLATURA<br /> 1977 a 1982</h2>\r\n<p><strong>Presidentes:<br /> </strong> Edmundo Guadagnin<br /> Paulo C\u00e9sar Merlo<br /> Belmiro Trecco</p>\r\n<p><strong>Vereadores:<br /> </strong>Agenor Pedro Zottis<br /> Belmiro Trecco<br /> Edmundo Guadagnin<br /> Jo\u00e3o Biotto<br /> Paulo C\u00e9sar Merlo<br /> Val\u00e9rio Tedesco<br /> Vilson Pedrinho Licks</p>\r\n<p><strong>Suplentes:<br /> </strong>Arlindo Damini<br /> Aldo Mazzotti<br /> Jacir Segalin<br /> Pedro Segalin</p>\r\n</div>\r\n<div class=\"span4 \">\r\n<h2>5\u00aa LEGISLATURA<br /> 1983 a 1988</h2>\r\n<p><strong>Presidentes:</strong><br /> Ari Segalin<br /> Valmor Luiz Dar\u00e9<br /> El\u00edrio Jos\u00e9 Pagliocchi</p>\r\n<p><strong>Vereadores:</strong><br /> Ari Segalin<br /> El\u00edrio Jos\u00e9 Pagliocchi<br /> Fid\u00e9lia Dosolina C. Guadagnin<br /> Innocente \u00c2ngelo Biotto<br /> Ivaldo Dalla Costa<br /> Pedro Biotto<br /> Valmor Luiz Dar\u00e9</p>\r\n<p><strong>Suplentes:</strong><br /> Alfeo Miguel Mattiello<br /> Agenor Pedro Zottis<br /> Vilson Pedrinho Licks<br /> Zevi Ant\u00f4nio Pasolini</p>\r\n</div>\r\n<div class=\"span4 \">\r\n<h2>6\u00aa LEGISLATURA<br /> 1989 a 1992</h2>\r\n<p><strong>Presidentes:</strong><br /> Valdir Zanetti<br /> Rafael Jos\u00e9 Durante</p>\r\n<p><strong>Vereadores:<br /> </strong>Ari Segalin<br /> Carlos Defendi<br /> Eug\u00eanio Marzzaro<br /> Ivaldo Zort\u00e9a<br /> Gilberto De Conto<br /> Jo\u00e3o Biotto<br /> Jo\u00e3o Carlos Dall\u2019Agnol<br /> Rafael Jos\u00e9 Durante<br /> Valdir Zanetti</p>\r\n<p><strong>Suplentes:<br /> </strong>\u00c1lvaro Ant\u00f4nio Moresco<br /> Avelino Dall\u2019Agnol<br /> Ivaldo Dalla Costa<br /> Jo\u00e3o Paulo Maroso<br /> Valmor Anestor Seganfredo<br /> Vitor Zottis</p>\r\n<p>\u00a0</p>\r\n</div>\r\n</div>\r\n<div class=\"row \">\r\n<div class=\"span4 \">\r\n<h2>7\u00aa LEGISLATURA<br /> 1993 a 1996</h2>\r\n<p><strong>Presidentes:</strong><br /> Nelson Jos\u00e9 Dall \u2018Igna<br /> El\u00edrio Jos\u00e9 Pagliocchi</p>\r\n<p><strong>Vereadores:</strong><br /> Carlos Defendi<br /> El\u00edrio Jos\u00e9 Pagliocchi<br /> Jaimir Jos\u00e9 Palla<br /> Jos\u00e9 Luiz Albara<br /> Jo\u00e3o Biotto<br /> Jo\u00e3o Paulo Maroso<br /> Roberto Gamba<br /> Sext\u00edlio Boccalon<br /> Nelson Jos\u00e9 Dall \u2018Igna</p>\r\n<p><strong>Suplentes:</strong><br /> Arnaldo Jos\u00e9 Zottis<br /> Ivaldo Dalla Costa</p>\r\n</div>\r\n<div class=\"span4 \">\r\n<h2>8\u00aa LEGISLATURA<br /> 1997 a 2000</h2>\r\n<p><strong>Presidentes:</strong><br /> Jaimir Jos\u00e9 Palla<br /> Ant\u00f4nio Tapparo<br /> Ivanor Biotto<br /> Darcilo Luiz Pauletto</p>\r\n<p><strong>Vereadores: </strong><br /> Ant\u00f4nio Tapparo<br /> Carlos Defendi<br /> Darcilo Luiz Pauletto<br /> El\u00edrio Jos\u00e9 Pagliocchi<br /> Genoir Comunello<br /> Il\u00e1rio Ansolin<br /> Ivanor Biotto<br /> Jaimir Jos\u00e9 Palla<br /> Jo\u00e3o Paulo Maroso</p>\r\n<p><strong>Suplentes: </strong><br /> Carlos Alberto Rocha de Oliveira <em>(Vereador de 1997- 2000)</em><br /> Gilberto De Conto</p>\r\n</div>\r\n<div class=\"span4 \">\r\n<h2>9\u00aa LEGISLATURA<br /> 2001 a 2004</h2>\r\n<p><strong>Presidentes: </strong><br /> Ant\u00f4nio Tapparo<br /> Ivanor Biotto<br /> Vilson Benelli<br /> Eduardo Motta Caldieraro</p>\r\n<p><strong>Vereadores: </strong><br /> Adagir Ranzan<br /> Ant\u00f4nio Tapparo<br /> Carlos Defendi<br /> Eduardo Motta Caldieraro<br /> Gilberto De Conto<br /> Ivanor Biotto<br /> Jo\u00e3o Paulo Maroso<br /> S\u00e9rgio Luiz Luvison<br /> Vilson Benelli</p>\r\n<p><strong>Suplentes: </strong><br /> Agostinho Mario Radin<br /> Arlindo C. Basso<br /> \u00c9dison Peruzzo<br /> Jomar Dalla Costa</p>\r\n</div>\r\n</div>\r\n<div class=\"row \">\r\n<div class=\"span4 \">\r\n<h2>10\u00aa LEGISLATURA<br /> 2005 a 2008</h2>\r\n<p><strong>Presidentes: </strong><br /> Jo\u00e3o Paulo Maroso<br /> Elias Dall\u2019Agnol<br /> Eduardo Motta Caldieraro<br /> Rafael Dall\u2019Agnol</p>\r\n<p><strong>Vereadores: </strong><br /> Adagir Ranzan<br /> Agostinho M\u00e1rio Radin<br /> Ant\u00f4nio Tapparo<br /> Eduardo Motta Caldieraro<br /> Elias Dall\u2019Agnol<br /> Il\u00e1rio Ansolin<br /> Jo\u00e3o Paulo Maroso<br /> S\u00e9rgio Luiz Luvison<br /> Rafael Dall\u2019agnol</p>\r\n<p><strong>Suplentes: </strong><br /> Ari Marchioro<br /> Delvina Carmelinda Gamba Comunello<br /> Dirceu Avelino Tumelero<br /> \u00c9dison Peruzzo<br /> El\u00edrio Jos\u00e9 Pagliocchi<br /> Gilceo Primieri<br /> Isabete F\u00e1tima Sasso<br /> Paulo Dejalmo Antunes<br /> Valmor Anestor Seganfredo<br /> Vilson Benelli</p>\r\n</div>\r\n<div class=\"span4 \">\r\n<h2>11\u00aa LEGISLATURA<br /> 2009 a 2012</h2>\r\n<p><strong>Presidentes: </strong><br /> Ivaldo Dalla Costa<br /> Adagir Ranzan<br /> Analice Maria Antoniolli<br /> M\u00e1rcio Dalmoro</p>\r\n<p><strong>Vereadores: </strong><br /> Adagir Ranzan<br /> Analice Maria Antoniolli<br /> Carlos Defendi<br /> Ivaldo Dalla Costa<br /> Jo\u00e3o Paulo Maroso<br /> M\u00e1rcio Dalmoro<br /> Paulo S\u00e9rgio Sasso<br /> Sext\u00edlio Boccalon<br /> Vilson Benelli</p>\r\n<p><strong>Suplentes: </strong><br /> Ant\u00f4nio Tapparo<br /> Carlos Alberto Rocha de Oliveira<br /> Delvina Carmelinda Gamba Comunello<br /> Dirceu Avelino Tumelero<br /> Elias Dall\u2019Agnol<br /> Gilceo Primieri<br /> Paulo Dejalmo Antunes<br /> S\u00e9rgio Luiz Luvison</p>\r\n</div>\r\n</div>\r\n<h2>12\u00aa LEGISLATURA<br /> 2013 a 2016</h2>\r\n<p><strong>Presidentes: </strong><br /> Analice Maria Antoniolli<br /> Leandro Segalin<br /> Oscar Francisco Todeschini<br /> Antonio Tapparo</p>\r\n<p><strong>Vereadores: </strong><br /> Analice Maria Antoniolli<br /> Antonio Tapparo<br /> Carlos Defendi<br /> Germano Lovison<br /> Jo\u00e3o Paulo Maroso<br /> Leandro Segalin<br /> Maur\u00edcio Frigo<br /> Oscar Francisco Todeschini<br /> Paulo S\u00e9rgio Sasso</p>\r\n<p><strong>Suplentes: </strong><br /> Elenita Minossi Peccatti<br /> Francisco Rigoni<br /> Jair Farn\u00e7a Bageston<br /> Leny Ana Sommavilla Fiori<br /> Luci Giroto Chaparini<br /> M\u00e1rcio De Conto<br /> Maria Luiza Silvestri de Oliveira<br /> Priscila Vargas de Oliveira<br /> Renato Zorzo<br /> Rosane Pesenato Coltro<br /> Sext\u00edlio Boccalon<br /> Vilson Benelli<br /> Zelindo Carolo</p>\r\n<p>\u00a0</p>\r\n<h2>13\u00aa LEGISLATURA<br />2017 a 2020</h2>\r\n<p class=\"  image-right\">\u00a0</p>\r\n<div><strong>Presidentes:</strong></div>\r\n<div>Antonio Tapparo</div>\r\n<div>M\u00e1rcio De Conto</div>\r\n<div>Alais Lovera</div>\r\n<div>\u00a0</div>\r\n<div><strong>Vereadores:</strong></div>\r\n<div>Alais Lovera</div>\r\n<div>Antonio Tapparo</div>\r\n<div>Elenita Minossi Peccatti</div>\r\n<div>Gilceu Rodrigues</div>\r\n<div>M\u00e1rcio De Conto</div>\r\n<div>Maur\u00edcio Frigo</div>\r\n<div>Oscar Francisco Todeschini</div>\r\n<div>Valdecir Dall\u2019Agnol</div>\r\n<div>William C\u00f3ser Fran\u00e7a</div>\r\n<div>\u00a0</div>\r\n<div><strong>Suplentes:</strong></div>\r\n<div>Gilmar Fanton (vereador de 2017 a 2020)</div>\r\n<div>Adriana Galvan</div>\r\n<div>Analice Maria Antoniolli</div>\r\n<div>Cidania de Moraes</div>\r\n<div>Eliana Lovatto</div>\r\n<div>Germano Lovison</div>\r\n<div>Gilmar Jos\u00e9 Sasso</div>\r\n<div>Ivanir Jos\u00e9 Pasquali</div>\r\n<div>Jair Fran\u00e7a Bageston</div>\r\n<div>Jonas Anzolin de Mattos</div>\r\n<div>Mauro Bamberg</div>\r\n<div>Rosane Luiza Pesenatto Coltro</div>\r\n<div>Valdemiro Boff</div>\r\n<div></div>\r\n<div>\r\n<h2></h2>\r\n<h2>14\u00aa LEGISLATURA</h2>\r\n<h2>2021 a 2024</h2>\r\n</div>\r\n<div>\r\n<p class=\"  image-right\">\u00a0</p>\r\n<div><strong>Presidentes:</strong></div>\r\n<div>Alais Lovera</div>\r\n<div>M\u00e1rcio De Conto</div>\r\n<div>William C\u00f3ser Fran\u00e7a</div>\r\n<div>Ivanor Biotto</div>\r\n<div><span>\u00a0</span></div>\r\n<div><strong>Vereadores:</strong></div>\r\n<div>\r\n<div>Alais Lovera</div>\r\n<div>Ant\u00f4nio Taparo</div>\r\n<div>Cidania de Moraes</div>\r\n<div>Gilberto Luiz Artifon</div>\r\n<div>Ivanor Biotto</div>\r\n<div>Jair Palla</div>\r\n<div>M\u00e1rcio De Conto</div>\r\n<div>William C\u00f3ser Fran\u00e7a</div>\r\n<div>Willian Luvison</div>\r\n<div></div>\r\n</div>\r\n<div><strong>Suplentes:</strong></div>\r\n<div>\u00a0M\u00e1rcio Todeschini</div>\r\n<div>Maur\u00edcio Frigo</div>\r\n<div>Jacinto Luiz Zanetti</div>\r\n<div>Jessica Farina Dall Agnol</div>\r\n<div>Gilseu Rodrigues</div>\r\n<div>Odete Zanon Vicari</div>\r\n<div>Elenita Minossi Peccatti</div>\r\n<div>Zeno Afonso Simon</div>\r\n<div>Noslei Diego Pasquali</div>\r\n<div>Gilmar Fanton</div>\r\n<div>Cristina Maria da Silva</div>\r\n<div>Gilmar Jos\u00e9 Sasso</div>\r\n<div>Anor Pasqualon</div>\r\n<div>Jacir Ant\u00f5nio Scalvi</div>\r\n<div>Jair Fran\u00e7a Bageston</div>\r\n<div>Lenir Ana Tessari Dall Agnol</div>\r\n<div>Gislaine Dall Agnoll Tessari</div>\r\n<div>Cristina Elsenbach</div>\r\n<div></div>\r\n<div></div>\r\n<h2>15\u00aa LEGISLATURA</h2>\r\n<h2>2025 a 2028</h2>\r\n<p><strong>Presidentes:</strong></p>\r\n<p>Gilberto Luis Artifon</p>\r\n<p><span>Jean Carlos Ansolin</span></p>\r\n<p>\u00a0</p>\r\n<p><strong>Vereadores:</strong></p>\r\n<p>Cidania de Moraes</p>\r\n<p>Elias Dall Agnol</p>\r\n<p>Gilberto Luis artifon</p>\r\n<p>M\u00e1rcio De Conto</p>\r\n<p>M\u00e1rcio Todeschini</p>\r\n<p>Odete Zanon Viccari</p>\r\n<p>Oscar Francisco Todeschini</p>\r\n<p>Sadi Zanon</p>\r\n<p>\u00a0</p>\r\n<p><strong>Suplentes:</strong></p>\r\n<p>Itamar Pelle</p>\r\n<p>Jacinto Luiz Zanetti</p>\r\n<p>Kena Lindamir Xavier Matias</p>\r\n<p>Veranice pelle de Bona</p>\r\n<p>Gilseu rodrigues</p>\r\n<p>Nelci Boschi Sobieski</p>\r\n<p>Melcar Biotto</p>\r\n<p>Zelindo Carolo</p>\r\n<p>Beatriz Missio</p>\r\n<p>Jo\u00e3o Carlos Dall Agnol</p>\r\n<p>Daniel Joras Nunes</p>\r\n<p>\u00a0</p>\r\n<p><br /><br /></p>\r\n</div>", "author_name": "", "version": "1.0", "author_url": "https://www.novabassano.rs.leg.br/author/adm", "provider_name": "C\u00e2mara de Vereadores de  Nova Bassano - RS", "type": "rich"}