{"provider_url": "https://www.novabassano.rs.leg.br", "title": "Homenagem a Adilio Guadagnin", "html": "<div class=\"kvgmc6g5 cxmmr5t8 oygrvhab hcukyx3x c1et5uql ii04i59q\">\r\n<div dir=\"auto\">Na noite de 14 de dezembro o Poder Legislativo Municipal prestou homenagem a Adilio Guadagnin, t\u00e9cnico agr\u00edcola da Emater que trabalhou no per\u00edodo de 1989 a 2006 no escrit\u00f3rio municipal de Nova Bassano.</div>\r\n</div>\r\n<div class=\"o9v6fnle cxmmr5t8 oygrvhab hcukyx3x c1et5uql ii04i59q\">\r\n<div dir=\"auto\">A homenagem partiu de uma Proposi\u00e7\u00e3o aprovada por unanimidade na Sess\u00e3o Ordin\u00e1ria de 23/11/2020 tendo fundamento a dedica\u00e7\u00e3o e o empenho no trabalho prestado.</div>\r\n</div>\r\n<div class=\"o9v6fnle cxmmr5t8 oygrvhab hcukyx3x c1et5uql ii04i59q\">\r\n<div dir=\"auto\">Em sua manifesta\u00e7\u00e3o, Adilio agradeceu a homenagem e relembrou um pouco de sua longa trajet\u00f3ria auxiliando os produtores do Munic\u00edpio.</div>\r\n</div>\r\n<div class=\"o9v6fnle cxmmr5t8 oygrvhab hcukyx3x c1et5uql ii04i59q\">\r\n<div dir=\"auto\">O Vereador M\u00e1rcio De Conto, representando o Poder Legislativo, agradeceu o homenageado da noite pelos servi\u00e7os prestados sempre com muita dedica\u00e7\u00e3o e empenho e desejou que continue sendo uma pessoa que \u00e9 luz no caminho de quem o conhece.</div>\r\n</div>", "author_name": "", "version": "1.0", "author_url": "https://www.novabassano.rs.leg.br/author/adm", "provider_name": "C\u00e2mara de Vereadores de  Nova Bassano - RS", "type": "rich"}