{"provider_url": "https://www.novabassano.rs.leg.br", "title": "Semana da P\u00e1tria", "html": "<p>Nesta segunda - feira a\u00a0<span>Administra\u00e7\u00e3o P\u00fablica de Nova Bassano / RS realizou a solenidade oficial de abertura da semana da P\u00e1tria. A hora c\u00edvica devido \u00e0 chuva, ocorreu no Gin\u00e1sio Municipal Zeferino Zottis e contou com a presen\u00e7a das Autoridades do Poder Executivo representado pelo prefeito municipal Sr. Ivaldo Dalla Costa e Legislativo Municipal, representado pelo Presidente da Casa Legislativa, Sr. Vereador M\u00e1rcio Poletto De Conto e demais lideran\u00e7as de Entidades municipais.</span></p>\r\n<p><span></span><span>Na oportunidade estiveram presentes diretores, professores e alunos das Escolas, EMEF Teodolina Reginatto, EMEF 15 de Novembro</span><span class=\"text_exposed_show\">, EMEI Crian\u00e7a Feliz, EMEI Magia e Saber, Col\u00e9gio Estadual Pe. Colbachini, Escola Especial Giudita e Andrea Basso \u2013 APAE e tamb\u00e9m a Assosia\u00e7\u00e3o Esportiva Bassano, que em comitiva entregou o fogo simb\u00f3lico para o Prefeito, que por sua vez acendeu a Pira da P\u00e1tria.</span></p>\r\n<p><span class=\"text_exposed_show\">Ap\u00f3s a solenidade tivemos a honra de assistir uma apresenta\u00e7\u00e3o montada pelos alunos do Col\u00e9gio Estadual Pe. Colbachini, onde encenaram sobre a import\u00e2ncia da honestidade nos dias de hoje, logo depois apresenta\u00e7\u00e3o da Banda Municipal.</span></p>\r\n<p><span class=\"text_exposed_show\"><br /></span></p>\r\n<p><span class=\"text_exposed_show\"><br /></span></p>\r\n<p><span class=\"text_exposed_show\"><br /></span></p>", "author_name": "assessor Gabriel Merlo da Rocha", "version": "1.0", "author_url": "https://www.novabassano.rs.leg.br/author/assessor Gabriel Merlo da Rocha", "provider_name": "C\u00e2mara de Vereadores de  Nova Bassano - RS", "type": "rich"}